{"id":84711,"__str__":"Ordem do Dia/Expediente: 119 - Requerimento n\u00ba 21468 de 2025 em 16\u00aa Sess\u00e3o Ordin\u00e1ria  da 3\u00aa Sess\u00e3o Legislativa da 20\u00aa Legislatura","metadata":{},"data_ordem":"2025-05-27","observacao":"Requer ao Deputado Adriano Galdino, Presidente da Assembleia Legislativa, o encaminhamento de expediente ao Excelent\u00edssimo Governador do Estado, Sr. Jo\u00e3o Azevedo, e ao Sr. Frei Anast\u00e1cio, Secret\u00e1rio de Estado da Agricultura Familiar e do Desenvolvimento do Semi\u00e1rido, e ao Diretor Presidente da Empaer, Sr. Aristeu Chaves, solicitando a implanta\u00e7\u00e3o do PROGRAMA INCLUIR PARA\u00cdBA para o Munic\u00edpio de Po\u00e7o Jos\u00e9 de Moura e d\u00e1 outras provid\u00eancias.","numero_ordem":119,"resultado":"Aprovado por unanimidade","tipo_votacao":1,"votacao_aberta":false,"registro_aberto":false,"sessao_plenaria":1324,"materia":134374,"tramitacao":null}