{"id":96045,"__str__":"Ordem do Dia/Expediente: 41 - Requerimento n\u00ba 29063 de 2026 em 17\u00aa Sess\u00e3o Ordin\u00e1ria  da 4\u00aa Sess\u00e3o Legislativa da 20\u00aa Legislatura","metadata":{},"data_ordem":"2026-04-28","observacao":"REQUEIRO \u00e0 Mesa Diretora, na forma regimental, ap\u00f3s ouvido o Colendo plen\u00e1rio, que registre nos anais \u201cMO\u00c7\u00c3O DE PROFUNDO PESAR\u201d aos familiares e amigos do Delegado ANTONIO \u00c1LVARES DE FARIAS, pelo seu falecimento ocorrido nesta sexta-feira 17 de abril.","numero_ordem":41,"resultado":"Aprovado por unanimidade","tipo_votacao":1,"votacao_aberta":false,"registro_aberto":false,"sessao_plenaria":1396,"materia":148002,"tramitacao":null}